{"id":19387,"date":"2024-10-02T12:36:41","date_gmt":"2024-10-02T10:36:41","guid":{"rendered":"https:\/\/iqvagro.com\/tratamento-das-arvores-de-fruto-na-primavera-e-no-verao-colheita-de-frutos-saudaveis\/"},"modified":"2024-10-25T13:14:16","modified_gmt":"2024-10-25T11:14:16","slug":"tratamento-das-arvores-de-fruto-na-primavera-e-no-verao","status":"publish","type":"post","link":"https:\/\/iqvagro.com\/pt-pt\/tratamento-das-arvores-de-fruto-na-primavera-e-no-verao\/","title":{"rendered":"Tratamento das \u00e1rvores de fruto na primavera e no ver\u00e3o: Colheita de frutos saud\u00e1veis"},"content":{"rendered":"<p>As <strong>\u00e1rvores frut\u00edferas<\/strong>, como a macieira, o pessegueiro e as cerejeiras, nos oferecem deliciosos frutos que apreciamos durante todo o ano. No entanto, para obter uma colheita abundante e de qualidade, \u00e9 essencial realizar um tratamento adequado durante as esta\u00e7\u00f5es da primavera e do ver\u00e3o. Na Iqv Agro, oferecemos um <strong>calend\u00e1rio de tratamentos<\/strong> e dicas para o cuidado das \u00e1rvores frut\u00edferas, incluindo a aplica\u00e7\u00e3o de sulfato de cobre, fungicidas, inseticidas e outras pr\u00e1ticas essenciais.<\/p>\n<h2>Calend\u00e1rio de tratamento das \u00e1rvores frut\u00edferas: guia para uma boa colheita<\/h2>\n<p>Para obter uma <strong>colheita abundante e de alta qualidade<\/strong>, \u00e9 fundamental seguir um calend\u00e1rio de tratamento adequado.<\/p>\n<h3>Primavera: per\u00edodo de flora\u00e7\u00e3o e preven\u00e7\u00e3o<\/h3>\n<p>A primavera marca o in\u00edcio do ciclo de crescimento das \u00e1rvores frut\u00edferas. Durante essa esta\u00e7\u00e3o, \u00e9 essencial aplicar <strong>tratamentos preventivos<\/strong> para proteger as \u00e1rvores contra doen\u00e7as e pragas. O <strong>sulfato de cobre<\/strong> \u00e9 uma ferramenta valiosa para prevenir doen\u00e7as f\u00fangicas, como a lepra do pessegueiro e a sarna da macieira. Deve ser aplicado antes da flora\u00e7\u00e3o das \u00e1rvores, seguindo o calend\u00e1rio de tratamentos espec\u00edfico para cada tipo de \u00e1rvore frut\u00edfera.<\/p>\n<h3>Ver\u00e3o: combate \u00e0s pragas e doen\u00e7as<\/h3>\n<p>O ver\u00e3o \u00e9 uma \u00e9poca cr\u00edtica para o controle de pragas e doen\u00e7as nas \u00e1rvores frut\u00edferas. A <strong>mosca da azeitona<\/strong> pode ser uma amea\u00e7a durante essa temporada, e <strong>inseticidas<\/strong> espec\u00edficos devem ser aplicados de acordo com as indica\u00e7\u00f5es do calend\u00e1rio de tratamentos. Al\u00e9m disso, \u00e9 importante estar atento \u00e0s doen\u00e7as do pessegueiro e da macieira, como o\u00eddio e sarna, e aplicar fungicidas se necess\u00e1rio.<\/p>\n<h2>Poda e cuidados adicionais<\/h2>\n<p>A <strong>poda<\/strong> das \u00e1rvores frut\u00edferas \u00e9 uma pr\u00e1tica essencial no inverno, mas tamb\u00e9m pode ser realizada na primavera. A poda adequada ajuda a remover ramos doentes ou mortos, promove uma boa circula\u00e7\u00e3o de ar e melhora a exposi\u00e7\u00e3o ao sol, favorecendo o desenvolvimento de frutos saud\u00e1veis.<\/p>\n<p>Al\u00e9m dos tratamentos qu\u00edmicos, \u00e9 importante considerar abordagens <strong>ecol\u00f3gicas<\/strong> e de controle <strong>biol\u00f3gico<\/strong> para o manejo de pragas e doen\u00e7as. Esses m\u00e9todos mais naturais contribuem para a ecologia e a sa\u00fade a longo prazo das \u00e1rvores frut\u00edferas e de seu entorno.<\/p>\n<h2>Nutri\u00e7\u00e3o e solo: chaves para a sa\u00fade das frut\u00edferas<\/h2>\n<p>A sa\u00fade das \u00e1rvores frut\u00edferas n\u00e3o depende apenas de tratamentos fitossanit\u00e1rios, mas tamb\u00e9m de uma <strong>nutri\u00e7\u00e3o adequada<\/strong> e de um solo saud\u00e1vel. A aplica\u00e7\u00e3o de <strong>fertilizantes espec\u00edficos<\/strong> fornece \u00e0s \u00e1rvores os nutrientes necess\u00e1rios para o seu crescimento e desenvolvimento. Monitorar as condi\u00e7\u00f5es do solo e garantir um suprimento adequado de \u00e1gua s\u00e3o igualmente importantes para assegurar a absor\u00e7\u00e3o de nutrientes.<\/p>\n<p>&nbsp;<\/p>\n<p>O tratamento das <strong>\u00e1rvores frut\u00edferas<\/strong> na primavera e no ver\u00e3o \u00e9 essencial para garantir uma <strong>colheita abundante e saud\u00e1vel<\/strong>. Seguindo o calend\u00e1rio de tratamentos que oferecemos na Iqv Agro, aplicando <strong>sulfato de cobre<\/strong>, fungicidas e inseticidas quando necess\u00e1rio, e prestando aten\u00e7\u00e3o \u00e0 <strong>poda e ao cuidado do solo<\/strong>, \u00e9 poss\u00edvel obter frutos saborosos e saud\u00e1veis. O equil\u00edbrio entre <strong>agricultura e natureza<\/strong> \u00e9 fundamental para colher os benef\u00edcios das \u00e1rvores frut\u00edferas.<\/p>\n","protected":false},"excerpt":{"rendered":"<p>As \u00e1rvores frut\u00edferas, como a macieira, o pessegueiro e as cerejeiras, nos oferecem deliciosos frutos que apreciamos durante todo o ano. No entanto, para obter uma colheita abundante e de qualidade, \u00e9 essencial realizar um tratamento adequado durante as esta\u00e7\u00f5es da primavera e do ver\u00e3o. Na Iqv Agro, oferecemos um calend\u00e1rio de tratamentos e dicas [&hellip;]<\/p>\n","protected":false},"author":5,"featured_media":16991,"comment_status":"closed","ping_status":"closed","sticky":false,"template":"","format":"standard","meta":{"_acf_changed":false,"footnotes":""},"categories":[1472,1471],"tags":[],"class_list":["post-19387","post","type-post","status-publish","format-standard","has-post-thumbnail","hentry","category-council-pt-pt","category-phytosanitary-pt-pt"],"acf":[],"yoast_head":"<!-- This site is optimized with the Yoast SEO plugin v27.4 - https:\/\/yoast.com\/product\/yoast-seo-wordpress\/ -->\n<title>Tratamento das \u00e1rvores de fruto na primavera e no ver\u00e3o - IQV Matholding Group<\/title>\n<meta name=\"description\" content=\"Descubra como manter as suas \u00e1rvores de fruto em \u00f3ptimas condi\u00e7\u00f5es durante as esta\u00e7\u00f5es mais quentes. Os nossos especialistas t\u00eam a solu\u00e7\u00e3o ideal\" \/>\n<meta name=\"robots\" content=\"index, follow, max-snippet:-1, max-image-preview:large, max-video-preview:-1\" \/>\n<link rel=\"canonical\" href=\"https:\/\/iqvagro.com\/pt-pt\/tratamento-das-arvores-de-fruto-na-primavera-e-no-verao\/\" \/>\n<meta property=\"og:locale\" content=\"pt_PT\" \/>\n<meta property=\"og:type\" content=\"article\" \/>\n<meta property=\"og:title\" content=\"Tratamento das \u00e1rvores de fruto na primavera e no ver\u00e3o - IQV Matholding Group\" \/>\n<meta property=\"og:description\" content=\"Descubra como manter as suas \u00e1rvores de fruto em \u00f3ptimas condi\u00e7\u00f5es durante as esta\u00e7\u00f5es mais quentes. Os nossos especialistas t\u00eam a solu\u00e7\u00e3o ideal\" \/>\n<meta property=\"og:url\" content=\"https:\/\/iqvagro.com\/pt-pt\/tratamento-das-arvores-de-fruto-na-primavera-e-no-verao\/\" \/>\n<meta property=\"og:site_name\" content=\"IQV Matholding Group\" \/>\n<meta property=\"article:publisher\" content=\"https:\/\/www.facebook.com\/iqv.cropscience\" \/>\n<meta property=\"article:published_time\" content=\"2024-10-02T10:36:41+00:00\" \/>\n<meta property=\"article:modified_time\" content=\"2024-10-25T11:14:16+00:00\" \/>\n<meta property=\"og:image\" content=\"https:\/\/iqvagro.com\/wp-content\/uploads\/2023\/10\/tratamiento-de-arboles-frutales-en-primavera-verano.jpg\" \/>\n\t<meta property=\"og:image:width\" content=\"1280\" \/>\n\t<meta property=\"og:image:height\" content=\"720\" \/>\n\t<meta property=\"og:image:type\" content=\"image\/jpeg\" \/>\n<meta name=\"author\" content=\"SEO\" \/>\n<meta name=\"twitter:card\" content=\"summary_large_image\" \/>\n<meta name=\"twitter:label1\" content=\"Escrito por\" \/>\n\t<meta name=\"twitter:data1\" content=\"SEO\" \/>\n\t<meta name=\"twitter:label2\" content=\"Tempo estimado de leitura\" \/>\n\t<meta name=\"twitter:data2\" content=\"3 minutos\" \/>\n<script type=\"application\/ld+json\" class=\"yoast-schema-graph\">{\"@context\":\"https:\\\/\\\/schema.org\",\"@graph\":[{\"@type\":\"Article\",\"@id\":\"https:\\\/\\\/iqvagro.com\\\/pt-pt\\\/tratamento-das-arvores-de-fruto-na-primavera-e-no-verao\\\/#article\",\"isPartOf\":{\"@id\":\"https:\\\/\\\/iqvagro.com\\\/pt-pt\\\/tratamento-das-arvores-de-fruto-na-primavera-e-no-verao\\\/\"},\"author\":{\"name\":\"SEO\",\"@id\":\"https:\\\/\\\/iqvagro.com\\\/#\\\/schema\\\/person\\\/3ea5ddf9f14e30faf4abb0d20379202d\"},\"headline\":\"Tratamento das \u00e1rvores de fruto na primavera e no ver\u00e3o: Colheita de frutos saud\u00e1veis\",\"datePublished\":\"2024-10-02T10:36:41+00:00\",\"dateModified\":\"2024-10-25T11:14:16+00:00\",\"mainEntityOfPage\":{\"@id\":\"https:\\\/\\\/iqvagro.com\\\/pt-pt\\\/tratamento-das-arvores-de-fruto-na-primavera-e-no-verao\\\/\"},\"wordCount\":561,\"publisher\":{\"@id\":\"https:\\\/\\\/iqvagro.com\\\/#organization\"},\"image\":{\"@id\":\"https:\\\/\\\/iqvagro.com\\\/pt-pt\\\/tratamento-das-arvores-de-fruto-na-primavera-e-no-verao\\\/#primaryimage\"},\"thumbnailUrl\":\"https:\\\/\\\/iqvagro.com\\\/wp-content\\\/uploads\\\/2023\\\/10\\\/tratamiento-de-arboles-frutales-en-primavera-verano.jpg\",\"articleSection\":[\"Council\",\"Phytosanitary\"],\"inLanguage\":\"pt-PT\"},{\"@type\":\"WebPage\",\"@id\":\"https:\\\/\\\/iqvagro.com\\\/pt-pt\\\/tratamento-das-arvores-de-fruto-na-primavera-e-no-verao\\\/\",\"url\":\"https:\\\/\\\/iqvagro.com\\\/pt-pt\\\/tratamento-das-arvores-de-fruto-na-primavera-e-no-verao\\\/\",\"name\":\"Tratamento das \u00e1rvores de fruto na primavera e no ver\u00e3o - IQV Matholding Group\",\"isPartOf\":{\"@id\":\"https:\\\/\\\/iqvagro.com\\\/#website\"},\"primaryImageOfPage\":{\"@id\":\"https:\\\/\\\/iqvagro.com\\\/pt-pt\\\/tratamento-das-arvores-de-fruto-na-primavera-e-no-verao\\\/#primaryimage\"},\"image\":{\"@id\":\"https:\\\/\\\/iqvagro.com\\\/pt-pt\\\/tratamento-das-arvores-de-fruto-na-primavera-e-no-verao\\\/#primaryimage\"},\"thumbnailUrl\":\"https:\\\/\\\/iqvagro.com\\\/wp-content\\\/uploads\\\/2023\\\/10\\\/tratamiento-de-arboles-frutales-en-primavera-verano.jpg\",\"datePublished\":\"2024-10-02T10:36:41+00:00\",\"dateModified\":\"2024-10-25T11:14:16+00:00\",\"description\":\"Descubra como manter as suas \u00e1rvores de fruto em \u00f3ptimas condi\u00e7\u00f5es durante as esta\u00e7\u00f5es mais quentes. Os nossos especialistas t\u00eam a solu\u00e7\u00e3o ideal\",\"breadcrumb\":{\"@id\":\"https:\\\/\\\/iqvagro.com\\\/pt-pt\\\/tratamento-das-arvores-de-fruto-na-primavera-e-no-verao\\\/#breadcrumb\"},\"inLanguage\":\"pt-PT\",\"potentialAction\":[{\"@type\":\"ReadAction\",\"target\":[\"https:\\\/\\\/iqvagro.com\\\/pt-pt\\\/tratamento-das-arvores-de-fruto-na-primavera-e-no-verao\\\/\"]}]},{\"@type\":\"ImageObject\",\"inLanguage\":\"pt-PT\",\"@id\":\"https:\\\/\\\/iqvagro.com\\\/pt-pt\\\/tratamento-das-arvores-de-fruto-na-primavera-e-no-verao\\\/#primaryimage\",\"url\":\"https:\\\/\\\/iqvagro.com\\\/wp-content\\\/uploads\\\/2023\\\/10\\\/tratamiento-de-arboles-frutales-en-primavera-verano.jpg\",\"contentUrl\":\"https:\\\/\\\/iqvagro.com\\\/wp-content\\\/uploads\\\/2023\\\/10\\\/tratamiento-de-arboles-frutales-en-primavera-verano.jpg\",\"width\":1280,\"height\":720,\"caption\":\"tratamiento de \u00e1rboles frutales en primavera verano\"},{\"@type\":\"BreadcrumbList\",\"@id\":\"https:\\\/\\\/iqvagro.com\\\/pt-pt\\\/tratamento-das-arvores-de-fruto-na-primavera-e-no-verao\\\/#breadcrumb\",\"itemListElement\":[{\"@type\":\"ListItem\",\"position\":1,\"name\":\"Portada\",\"item\":\"https:\\\/\\\/iqvagro.com\\\/pt-pt\\\/\"},{\"@type\":\"ListItem\",\"position\":2,\"name\":\"Tratamento das \u00e1rvores de fruto na primavera e no ver\u00e3o: Colheita de frutos saud\u00e1veis\"}]},{\"@type\":\"WebSite\",\"@id\":\"https:\\\/\\\/iqvagro.com\\\/#website\",\"url\":\"https:\\\/\\\/iqvagro.com\\\/\",\"name\":\"IQV Matholding Group\",\"description\":\"Taking Care of Crops\",\"publisher\":{\"@id\":\"https:\\\/\\\/iqvagro.com\\\/#organization\"},\"potentialAction\":[{\"@type\":\"SearchAction\",\"target\":{\"@type\":\"EntryPoint\",\"urlTemplate\":\"https:\\\/\\\/iqvagro.com\\\/?s={search_term_string}\"},\"query-input\":{\"@type\":\"PropertyValueSpecification\",\"valueRequired\":true,\"valueName\":\"search_term_string\"}}],\"inLanguage\":\"pt-PT\"},{\"@type\":\"Organization\",\"@id\":\"https:\\\/\\\/iqvagro.com\\\/#organization\",\"name\":\"IQV Matholding Group\",\"url\":\"https:\\\/\\\/iqvagro.com\\\/\",\"logo\":{\"@type\":\"ImageObject\",\"inLanguage\":\"pt-PT\",\"@id\":\"https:\\\/\\\/iqvagro.com\\\/#\\\/schema\\\/logo\\\/image\\\/\",\"url\":\"https:\\\/\\\/iqvagro.com\\\/wp-content\\\/uploads\\\/2025\\\/05\\\/logo_IQV_new_2025.svg\",\"contentUrl\":\"https:\\\/\\\/iqvagro.com\\\/wp-content\\\/uploads\\\/2025\\\/05\\\/logo_IQV_new_2025.svg\",\"caption\":\"IQV Matholding Group\"},\"image\":{\"@id\":\"https:\\\/\\\/iqvagro.com\\\/#\\\/schema\\\/logo\\\/image\\\/\"},\"sameAs\":[\"https:\\\/\\\/www.facebook.com\\\/iqv.cropscience\",\"https:\\\/\\\/www.instagram.com\\\/iqv.cropscience\\\/\"]},{\"@type\":\"Person\",\"@id\":\"https:\\\/\\\/iqvagro.com\\\/#\\\/schema\\\/person\\\/3ea5ddf9f14e30faf4abb0d20379202d\",\"name\":\"SEO\",\"url\":\"https:\\\/\\\/iqvagro.com\\\/pt-pt\\\/author\\\/seomanager\\\/\"}]}<\/script>\n<!-- \/ Yoast SEO plugin. -->","yoast_head_json":{"title":"Tratamento das \u00e1rvores de fruto na primavera e no ver\u00e3o - IQV Matholding Group","description":"Descubra como manter as suas \u00e1rvores de fruto em \u00f3ptimas condi\u00e7\u00f5es durante as esta\u00e7\u00f5es mais quentes. Os nossos especialistas t\u00eam a solu\u00e7\u00e3o ideal","robots":{"index":"index","follow":"follow","max-snippet":"max-snippet:-1","max-image-preview":"max-image-preview:large","max-video-preview":"max-video-preview:-1"},"canonical":"https:\/\/iqvagro.com\/pt-pt\/tratamento-das-arvores-de-fruto-na-primavera-e-no-verao\/","og_locale":"pt_PT","og_type":"article","og_title":"Tratamento das \u00e1rvores de fruto na primavera e no ver\u00e3o - IQV Matholding Group","og_description":"Descubra como manter as suas \u00e1rvores de fruto em \u00f3ptimas condi\u00e7\u00f5es durante as esta\u00e7\u00f5es mais quentes. Os nossos especialistas t\u00eam a solu\u00e7\u00e3o ideal","og_url":"https:\/\/iqvagro.com\/pt-pt\/tratamento-das-arvores-de-fruto-na-primavera-e-no-verao\/","og_site_name":"IQV Matholding Group","article_publisher":"https:\/\/www.facebook.com\/iqv.cropscience","article_published_time":"2024-10-02T10:36:41+00:00","article_modified_time":"2024-10-25T11:14:16+00:00","og_image":[{"width":1280,"height":720,"url":"https:\/\/iqvagro.com\/wp-content\/uploads\/2023\/10\/tratamiento-de-arboles-frutales-en-primavera-verano.jpg","type":"image\/jpeg"}],"author":"SEO","twitter_card":"summary_large_image","twitter_misc":{"Escrito por":"SEO","Tempo estimado de leitura":"3 minutos"},"schema":{"@context":"https:\/\/schema.org","@graph":[{"@type":"Article","@id":"https:\/\/iqvagro.com\/pt-pt\/tratamento-das-arvores-de-fruto-na-primavera-e-no-verao\/#article","isPartOf":{"@id":"https:\/\/iqvagro.com\/pt-pt\/tratamento-das-arvores-de-fruto-na-primavera-e-no-verao\/"},"author":{"name":"SEO","@id":"https:\/\/iqvagro.com\/#\/schema\/person\/3ea5ddf9f14e30faf4abb0d20379202d"},"headline":"Tratamento das \u00e1rvores de fruto na primavera e no ver\u00e3o: Colheita de frutos saud\u00e1veis","datePublished":"2024-10-02T10:36:41+00:00","dateModified":"2024-10-25T11:14:16+00:00","mainEntityOfPage":{"@id":"https:\/\/iqvagro.com\/pt-pt\/tratamento-das-arvores-de-fruto-na-primavera-e-no-verao\/"},"wordCount":561,"publisher":{"@id":"https:\/\/iqvagro.com\/#organization"},"image":{"@id":"https:\/\/iqvagro.com\/pt-pt\/tratamento-das-arvores-de-fruto-na-primavera-e-no-verao\/#primaryimage"},"thumbnailUrl":"https:\/\/iqvagro.com\/wp-content\/uploads\/2023\/10\/tratamiento-de-arboles-frutales-en-primavera-verano.jpg","articleSection":["Council","Phytosanitary"],"inLanguage":"pt-PT"},{"@type":"WebPage","@id":"https:\/\/iqvagro.com\/pt-pt\/tratamento-das-arvores-de-fruto-na-primavera-e-no-verao\/","url":"https:\/\/iqvagro.com\/pt-pt\/tratamento-das-arvores-de-fruto-na-primavera-e-no-verao\/","name":"Tratamento das \u00e1rvores de fruto na primavera e no ver\u00e3o - IQV Matholding Group","isPartOf":{"@id":"https:\/\/iqvagro.com\/#website"},"primaryImageOfPage":{"@id":"https:\/\/iqvagro.com\/pt-pt\/tratamento-das-arvores-de-fruto-na-primavera-e-no-verao\/#primaryimage"},"image":{"@id":"https:\/\/iqvagro.com\/pt-pt\/tratamento-das-arvores-de-fruto-na-primavera-e-no-verao\/#primaryimage"},"thumbnailUrl":"https:\/\/iqvagro.com\/wp-content\/uploads\/2023\/10\/tratamiento-de-arboles-frutales-en-primavera-verano.jpg","datePublished":"2024-10-02T10:36:41+00:00","dateModified":"2024-10-25T11:14:16+00:00","description":"Descubra como manter as suas \u00e1rvores de fruto em \u00f3ptimas condi\u00e7\u00f5es durante as esta\u00e7\u00f5es mais quentes. Os nossos especialistas t\u00eam a solu\u00e7\u00e3o ideal","breadcrumb":{"@id":"https:\/\/iqvagro.com\/pt-pt\/tratamento-das-arvores-de-fruto-na-primavera-e-no-verao\/#breadcrumb"},"inLanguage":"pt-PT","potentialAction":[{"@type":"ReadAction","target":["https:\/\/iqvagro.com\/pt-pt\/tratamento-das-arvores-de-fruto-na-primavera-e-no-verao\/"]}]},{"@type":"ImageObject","inLanguage":"pt-PT","@id":"https:\/\/iqvagro.com\/pt-pt\/tratamento-das-arvores-de-fruto-na-primavera-e-no-verao\/#primaryimage","url":"https:\/\/iqvagro.com\/wp-content\/uploads\/2023\/10\/tratamiento-de-arboles-frutales-en-primavera-verano.jpg","contentUrl":"https:\/\/iqvagro.com\/wp-content\/uploads\/2023\/10\/tratamiento-de-arboles-frutales-en-primavera-verano.jpg","width":1280,"height":720,"caption":"tratamiento de \u00e1rboles frutales en primavera verano"},{"@type":"BreadcrumbList","@id":"https:\/\/iqvagro.com\/pt-pt\/tratamento-das-arvores-de-fruto-na-primavera-e-no-verao\/#breadcrumb","itemListElement":[{"@type":"ListItem","position":1,"name":"Portada","item":"https:\/\/iqvagro.com\/pt-pt\/"},{"@type":"ListItem","position":2,"name":"Tratamento das \u00e1rvores de fruto na primavera e no ver\u00e3o: Colheita de frutos saud\u00e1veis"}]},{"@type":"WebSite","@id":"https:\/\/iqvagro.com\/#website","url":"https:\/\/iqvagro.com\/","name":"IQV Matholding Group","description":"Taking Care of Crops","publisher":{"@id":"https:\/\/iqvagro.com\/#organization"},"potentialAction":[{"@type":"SearchAction","target":{"@type":"EntryPoint","urlTemplate":"https:\/\/iqvagro.com\/?s={search_term_string}"},"query-input":{"@type":"PropertyValueSpecification","valueRequired":true,"valueName":"search_term_string"}}],"inLanguage":"pt-PT"},{"@type":"Organization","@id":"https:\/\/iqvagro.com\/#organization","name":"IQV Matholding Group","url":"https:\/\/iqvagro.com\/","logo":{"@type":"ImageObject","inLanguage":"pt-PT","@id":"https:\/\/iqvagro.com\/#\/schema\/logo\/image\/","url":"https:\/\/iqvagro.com\/wp-content\/uploads\/2025\/05\/logo_IQV_new_2025.svg","contentUrl":"https:\/\/iqvagro.com\/wp-content\/uploads\/2025\/05\/logo_IQV_new_2025.svg","caption":"IQV Matholding Group"},"image":{"@id":"https:\/\/iqvagro.com\/#\/schema\/logo\/image\/"},"sameAs":["https:\/\/www.facebook.com\/iqv.cropscience","https:\/\/www.instagram.com\/iqv.cropscience\/"]},{"@type":"Person","@id":"https:\/\/iqvagro.com\/#\/schema\/person\/3ea5ddf9f14e30faf4abb0d20379202d","name":"SEO","url":"https:\/\/iqvagro.com\/pt-pt\/author\/seomanager\/"}]}},"_links":{"self":[{"href":"https:\/\/iqvagro.com\/pt-pt\/wp-json\/wp\/v2\/posts\/19387","targetHints":{"allow":["GET"]}}],"collection":[{"href":"https:\/\/iqvagro.com\/pt-pt\/wp-json\/wp\/v2\/posts"}],"about":[{"href":"https:\/\/iqvagro.com\/pt-pt\/wp-json\/wp\/v2\/types\/post"}],"author":[{"embeddable":true,"href":"https:\/\/iqvagro.com\/pt-pt\/wp-json\/wp\/v2\/users\/5"}],"replies":[{"embeddable":true,"href":"https:\/\/iqvagro.com\/pt-pt\/wp-json\/wp\/v2\/comments?post=19387"}],"version-history":[{"count":0,"href":"https:\/\/iqvagro.com\/pt-pt\/wp-json\/wp\/v2\/posts\/19387\/revisions"}],"wp:featuredmedia":[{"embeddable":true,"href":"https:\/\/iqvagro.com\/pt-pt\/wp-json\/wp\/v2\/media\/16991"}],"wp:attachment":[{"href":"https:\/\/iqvagro.com\/pt-pt\/wp-json\/wp\/v2\/media?parent=19387"}],"wp:term":[{"taxonomy":"category","embeddable":true,"href":"https:\/\/iqvagro.com\/pt-pt\/wp-json\/wp\/v2\/categories?post=19387"},{"taxonomy":"post_tag","embeddable":true,"href":"https:\/\/iqvagro.com\/pt-pt\/wp-json\/wp\/v2\/tags?post=19387"}],"curies":[{"name":"wp","href":"https:\/\/api.w.org\/{rel}","templated":true}]}}