{"id":16911,"date":"2023-07-03T14:54:46","date_gmt":"2023-07-03T12:54:46","guid":{"rendered":"https:\/\/iqvagro.com\/?p=16911"},"modified":"2023-07-04T12:52:43","modified_gmt":"2023-07-04T10:52:43","slug":"iqv-and-bayer-agree-on-the-transfer-of-the-plant-health-facility-that-the-german-multinational-has-in-valencia","status":"publish","type":"post","link":"https:\/\/iqvagro.com\/en\/iqv-and-bayer-agree-on-the-transfer-of-the-plant-health-facility-that-the-german-multinational-has-in-valencia\/","title":{"rendered":"IQV and Bayer agree on the transfer of the plant health facility that the German multinational has in Valencia"},"content":{"rendered":"\t\t<div data-elementor-type=\"wp-post\" data-elementor-id=\"16911\" class=\"elementor elementor-16911 elementor-16882\" data-elementor-post-type=\"post\">\n\t\t\t\t\t\t<section class=\"elementor-section elementor-top-section elementor-element elementor-element-e906ad7 elementor-section-boxed elementor-section-height-default elementor-section-height-default\" data-id=\"e906ad7\" data-element_type=\"section\" data-e-type=\"section\">\n\t\t\t\t\t\t<div class=\"elementor-container elementor-column-gap-default\">\n\t\t\t\t\t<div class=\"elementor-column elementor-col-100 elementor-top-column elementor-element elementor-element-d8089e9\" data-id=\"d8089e9\" data-element_type=\"column\" data-e-type=\"column\">\n\t\t\t<div class=\"elementor-widget-wrap elementor-element-populated\">\n\t\t\t\t\t\t<div class=\"elementor-element elementor-element-8a4979c elementor-widget elementor-widget-text-editor\" data-id=\"8a4979c\" data-element_type=\"widget\" data-e-type=\"widget\" data-widget_type=\"text-editor.default\">\n\t\t\t\t<div class=\"elementor-widget-container\">\n\t\t\t\t\t\t\t\t\t<ul><li>The operation responds to the strategic commitment of the Spanish multinational MAT Holding, led by Pau Relat, to diversify its portfolio of biorational phytosanitary products.<\/li><li>The agreement includes operational continuity of the factory with guaranteed employment for a year and a half from the date of the transfer, which will be completed on June 1, 2024<\/li><\/ul><p><strong><br \/>Valencia, 3rd July de 2023<\/strong> \u2013 MAT Holding and Bayer have reached an agreement under which the German multinational will transfer its crop protection products factory, located in the Valencian town of Quart de Poblet, to Ind\u00fastries Qu\u00edmiques del Vall\u00e8s (IQV), a plant health company belonging to the Spanish group MAT Holding, led by Pau Relat, leader in solutions for agriculture and water.<\/p><p>The plant, which began its activity in 1971, employs nearly a hundred people, some directly and indirectly involved in production and others from different areas of the company that Bayer will relocate.<\/p><p>The centre has significant capabilities and good facilities which, due to market changes and Bayer&#8217;s strategic focus, are currently not being used to their full potential. For this reason, the German multinational transfers the Quart de Poblet factory, with all assets and staff, to the IQV company.<\/p><p>The operation responds to IQV&#8217;s strategic commitment to diversify its phytosanitary solutions, including biorationals \u2500similar and functionally identical natural or synthetic substances used in crop protection that have a low impact on the environment and human health\u2500, and to increase production capacity.<\/p><p>With this acquisition, IQV consolidates its position in the field of plant health as a supplier to the main multinationals in the sector, while strengthening its commitment to the Valencian territory, where the Spanish multinational has a formulation and packaging plant in Cheste.<\/p><p>The agreement between Bayer and MAT Holding foresees the transfer of the factory in June 2024, along with the continuity of the plant\u2019s operations and the guarantee of employment for the workers for a year and a half from the date of transfer. Until then, Bayer will continue to own the centre and work with IQV on the transition<\/p>\t\t\t\t\t\t\t\t<\/div>\n\t\t\t\t<\/div>\n\t\t\t\t\t<\/div>\n\t\t<\/div>\n\t\t\t\t\t<\/div>\n\t\t<\/section>\n\t\t\t\t<section class=\"elementor-section elementor-top-section elementor-element elementor-element-ace6b07 elementor-section-boxed elementor-section-height-default elementor-section-height-default\" data-id=\"ace6b07\" data-element_type=\"section\" data-e-type=\"section\">\n\t\t\t\t\t\t<div class=\"elementor-container elementor-column-gap-default\">\n\t\t\t\t\t<div class=\"elementor-column elementor-col-50 elementor-top-column elementor-element elementor-element-0231a0e\" data-id=\"0231a0e\" data-element_type=\"column\" data-e-type=\"column\">\n\t\t\t<div class=\"elementor-widget-wrap elementor-element-populated\">\n\t\t\t\t\t\t<div class=\"elementor-element elementor-element-7656dea elementor-widget elementor-widget-image\" data-id=\"7656dea\" data-element_type=\"widget\" data-e-type=\"widget\" data-widget_type=\"image.default\">\n\t\t\t\t<div class=\"elementor-widget-container\">\n\t\t\t\t\t\t\t\t\t\t\t\t<figure class=\"wp-caption\">\n\t\t\t\t\t\t\t\t\t\t<img fetchpriority=\"high\" decoding=\"async\" width=\"800\" height=\"534\" src=\"https:\/\/iqvagro.com\/wp-content\/uploads\/2023\/07\/bayer_iqv-min-1030x687.jpg\" class=\"attachment-large size-large wp-image-16890\" alt=\"\" srcset=\"https:\/\/iqvagro.com\/wp-content\/uploads\/2023\/07\/bayer_iqv-min-1030x687.jpg 1030w, https:\/\/iqvagro.com\/wp-content\/uploads\/2023\/07\/bayer_iqv-min-300x200.jpg 300w, https:\/\/iqvagro.com\/wp-content\/uploads\/2023\/07\/bayer_iqv-min-768x512.jpg 768w, https:\/\/iqvagro.com\/wp-content\/uploads\/2023\/07\/bayer_iqv-min-1536x1025.jpg 1536w, https:\/\/iqvagro.com\/wp-content\/uploads\/2023\/07\/bayer_iqv-min-450x300.jpg 450w, https:\/\/iqvagro.com\/wp-content\/uploads\/2023\/07\/bayer_iqv-min.jpg 1593w\" sizes=\"(max-width: 800px) 100vw, 800px\" \/>\t\t\t\t\t\t\t\t\t\t\t<figcaption class=\"widget-image-caption wp-caption-text\">Planta de producci\u00f3n de Quart de Poblet (Valencia).<\/figcaption>\n\t\t\t\t\t\t\t\t\t\t<\/figure>\n\t\t\t\t\t\t\t\t\t<\/div>\n\t\t\t\t<\/div>\n\t\t\t\t\t<\/div>\n\t\t<\/div>\n\t\t\t\t<div class=\"elementor-column elementor-col-50 elementor-top-column elementor-element elementor-element-4f409b0\" data-id=\"4f409b0\" data-element_type=\"column\" data-e-type=\"column\">\n\t\t\t<div class=\"elementor-widget-wrap elementor-element-populated\">\n\t\t\t\t\t\t<div class=\"elementor-element elementor-element-51c1cb0 elementor-widget__width-initial elementor-widget elementor-widget-image\" data-id=\"51c1cb0\" data-element_type=\"widget\" data-e-type=\"widget\" data-widget_type=\"image.default\">\n\t\t\t\t<div class=\"elementor-widget-container\">\n\t\t\t\t\t\t\t\t\t\t\t\t<figure class=\"wp-caption\">\n\t\t\t\t\t\t\t\t\t\t<img decoding=\"async\" width=\"772\" height=\"1030\" src=\"https:\/\/iqvagro.com\/wp-content\/uploads\/2023\/07\/robot_iqv-min-772x1030.jpg\" class=\"attachment-large size-large wp-image-16885\" alt=\"\" srcset=\"https:\/\/iqvagro.com\/wp-content\/uploads\/2023\/07\/robot_iqv-min-772x1030.jpg 772w, https:\/\/iqvagro.com\/wp-content\/uploads\/2023\/07\/robot_iqv-min-225x300.jpg 225w, https:\/\/iqvagro.com\/wp-content\/uploads\/2023\/07\/robot_iqv-min-768x1024.jpg 768w, https:\/\/iqvagro.com\/wp-content\/uploads\/2023\/07\/robot_iqv-min-1152x1536.jpg 1152w, https:\/\/iqvagro.com\/wp-content\/uploads\/2023\/07\/robot_iqv-min-450x600.jpg 450w, https:\/\/iqvagro.com\/wp-content\/uploads\/2023\/07\/robot_iqv-min.jpg 1400w\" sizes=\"(max-width: 772px) 100vw, 772px\" \/>\t\t\t\t\t\t\t\t\t\t\t<figcaption class=\"widget-image-caption wp-caption-text\">Robot paletizador IQV Cheste (Valencia).<\/figcaption>\n\t\t\t\t\t\t\t\t\t\t<\/figure>\n\t\t\t\t\t\t\t\t\t<\/div>\n\t\t\t\t<\/div>\n\t\t\t\t\t<\/div>\n\t\t<\/div>\n\t\t\t\t\t<\/div>\n\t\t<\/section>\n\t\t\t\t<section class=\"elementor-section elementor-top-section elementor-element elementor-element-72340d3 elementor-section-boxed elementor-section-height-default elementor-section-height-default\" data-id=\"72340d3\" data-element_type=\"section\" data-e-type=\"section\">\n\t\t\t\t\t\t<div class=\"elementor-container elementor-column-gap-default\">\n\t\t\t\t\t<div class=\"elementor-column elementor-col-100 elementor-top-column elementor-element elementor-element-46fa8f2\" data-id=\"46fa8f2\" data-element_type=\"column\" data-e-type=\"column\">\n\t\t\t<div class=\"elementor-widget-wrap elementor-element-populated\">\n\t\t\t\t\t\t<div class=\"elementor-element elementor-element-2ca18a4 elementor-widget elementor-widget-text-editor\" data-id=\"2ca18a4\" data-element_type=\"widget\" data-e-type=\"widget\" data-widget_type=\"text-editor.default\">\n\t\t\t\t<div class=\"elementor-widget-container\">\n\t\t\t\t\t\t\t\t\t<p><strong>About MAT Holding and IQV<\/strong><br \/>MAT Holding is a Spanish multinational family-owned group dedicated to the care of agriculture and water through solutions that promote the sustainability, efficiency and profitability in agriculture and water management.<\/p><p>With more than 85 years of history and sales in more than 140 countries, Grup MAT Holding is a leader in sustainable agriculture \u2014with the companies IQV, dedicated to plant health, the professional irrigation company Regaber, the digital platform for crop and farm management VEGGA, and the new business of modernizing agricultural farms\u2014 as well as in the field of water, with the brands Aquestia, focused on the conveyance and control of liquids, STF, dedicated to water filtration, and Hidroglobal, dedicated to hydraulic projects.<\/p><p>MAT Holding has headquarters in Spain and Israel, and more than 1,000 employees worldwide. In 2022, the group will have invoiced 364 million euros. Founded in 1935, IQV is a world leader in plant health solutions based on copper salts. In 2022, IQV had a turnover of \u20ac144 million. Currently, it has two production centres in Spain\u2014in Mollet del Vall\u00e8s (Barcelona) and Cheste (Valencia)\u2014, it is present in 70 countries on 5 continents and has subsidiaries in Spain, Portugal, Italy, Turkey, Morocco, Chile and El Savador. For more information, visit http:\/\/iqvagro.com.<\/p><p><strong>About Bayer<\/strong><br \/>Bayer is a multinational company with key competencies in the bioscientific fields of health and food. With its products and services, the company aims to serve humankind and protect the environment by helping to meet the major challenges posed by the constant aging and growth of the world&#8217;s population. Bayer is committed to making a substantial contribution to sustainable development through its commercial activity. At the same time, the Group aspires to increase its profitability and to create value through innovation and growth. &#8220;Bayer&#8221; brand is, all over the world, synonymous with trust, reliability and quality. In the 2021 financial year, the Group, with around 100,000 employees, obtained a turnover of 44,100 million euros and allocated 5,300 million euros before extraordinary items to research and development. For more information, visit www.bayer.com.<\/p><p><strong>More information:<\/strong><\/p><p>MAT HOLDING \/IQV- COMUNICATION<br \/>Pilar Urreta | pilarurreta@matholding.com | +34 626 547 798<br \/>Adri\u00e0 Barrio | adria.barrio@giny.cat<\/p><p>BAYER \u2013 COMUNICATION:<br \/>Laura Dieguez | laura.dieguez@bayer.com<br \/>Carolina Alemany | carolina.alemany@bayer.com | +34 646 787 888<br \/>ATREVIA (934 19 06 30)<br \/>Noelia Garcia Trillas | ngtrillas@atrevia.com<\/p>\t\t\t\t\t\t\t\t<\/div>\n\t\t\t\t<\/div>\n\t\t\t\t<div class=\"elementor-element elementor-element-dc3fe35 elementor-widget elementor-widget-button\" data-id=\"dc3fe35\" data-element_type=\"widget\" data-e-type=\"widget\" data-widget_type=\"button.default\">\n\t\t\t\t<div class=\"elementor-widget-container\">\n\t\t\t\t\t\t\t\t\t<div class=\"elementor-button-wrapper\">\n\t\t\t\t\t<a class=\"elementor-button elementor-button-link elementor-size-sm\" href=\"https:\/\/iqvagro.com\/wp-content\/uploads\/2023\/07\/nota_prensa_bayer_iqv_en.pdf\" target=\"_blank\">\n\t\t\t\t\t\t<span class=\"elementor-button-content-wrapper\">\n\t\t\t\t\t\t<span class=\"elementor-button-icon\">\n\t\t\t\t<i aria-hidden=\"true\" class=\"fas fa-cloud-download-alt\"><\/i>\t\t\t<\/span>\n\t\t\t\t\t\t\t\t\t<span class=\"elementor-button-text\">DOWNLOAD PRESS RELEASE<\/span>\n\t\t\t\t\t<\/span>\n\t\t\t\t\t<\/a>\n\t\t\t\t<\/div>\n\t\t\t\t\t\t\t\t<\/div>\n\t\t\t\t<\/div>\n\t\t\t\t\t<\/div>\n\t\t<\/div>\n\t\t\t\t\t<\/div>\n\t\t<\/section>\n\t\t\t\t<\/div>\n\t\t","protected":false},"excerpt":{"rendered":"<p>The operation responds to the strategic commitment of the Spanish multinational MAT Holding, led by Pau Relat, to diversify its portfolio of biorational phytosanitary products. The agreement includes operational continuity of the factory with guaranteed employment for a year and a half from the date of the transfer, which will be completed on June 1, [&hellip;]<\/p>\n","protected":false},"author":4,"featured_media":16919,"comment_status":"closed","ping_status":"closed","sticky":false,"template":"","format":"standard","meta":{"_acf_changed":false,"footnotes":""},"categories":[260],"tags":[],"class_list":["post-16911","post","type-post","status-publish","format-standard","has-post-thumbnail","hentry","category-news"],"acf":[],"yoast_head":"<!-- This site is optimized with the Yoast SEO plugin v27.4 - https:\/\/yoast.com\/product\/yoast-seo-wordpress\/ -->\n<title>IQV and Bayer agree on the transfer of the plant health facility that the German multinational has in Valencia - IQV Matholding Group<\/title>\n<meta name=\"robots\" content=\"index, follow, max-snippet:-1, max-image-preview:large, max-video-preview:-1\" \/>\n<link rel=\"canonical\" href=\"https:\/\/iqvagro.com\/en\/iqv-and-bayer-agree-on-the-transfer-of-the-plant-health-facility-that-the-german-multinational-has-in-valencia\/\" \/>\n<meta property=\"og:locale\" content=\"en_US\" \/>\n<meta property=\"og:type\" content=\"article\" \/>\n<meta property=\"og:title\" content=\"IQV and Bayer agree on the transfer of the plant health facility that the German multinational has in Valencia - IQV Matholding Group\" \/>\n<meta property=\"og:description\" content=\"The operation responds to the strategic commitment of the Spanish multinational MAT Holding, led by Pau Relat, to diversify its portfolio of biorational phytosanitary products. The agreement includes operational continuity of the factory with guaranteed employment for a year and a half from the date of the transfer, which will be completed on June 1, [&hellip;]\" \/>\n<meta property=\"og:url\" content=\"https:\/\/iqvagro.com\/en\/iqv-and-bayer-agree-on-the-transfer-of-the-plant-health-facility-that-the-german-multinational-has-in-valencia\/\" \/>\n<meta property=\"og:site_name\" content=\"IQV Matholding Group\" \/>\n<meta property=\"article:publisher\" content=\"https:\/\/www.facebook.com\/iqv.cropscience\" \/>\n<meta property=\"article:published_time\" content=\"2023-07-03T12:54:46+00:00\" \/>\n<meta property=\"article:modified_time\" content=\"2023-07-04T10:52:43+00:00\" \/>\n<meta property=\"og:image\" content=\"https:\/\/iqvagro.com\/wp-content\/uploads\/2023\/07\/IQV-Y-BAYER-EN-min.jpg\" \/>\n\t<meta property=\"og:image:width\" content=\"1920\" \/>\n\t<meta property=\"og:image:height\" content=\"1003\" \/>\n\t<meta property=\"og:image:type\" content=\"image\/jpeg\" \/>\n<meta name=\"author\" content=\"Yourzed\" \/>\n<meta name=\"twitter:card\" content=\"summary_large_image\" \/>\n<meta name=\"twitter:label1\" content=\"Written by\" \/>\n\t<meta name=\"twitter:data1\" content=\"Yourzed\" \/>\n\t<meta name=\"twitter:label2\" content=\"Est. reading time\" \/>\n\t<meta name=\"twitter:data2\" content=\"4 minutes\" \/>\n<script type=\"application\/ld+json\" class=\"yoast-schema-graph\">{\"@context\":\"https:\\\/\\\/schema.org\",\"@graph\":[{\"@type\":\"Article\",\"@id\":\"https:\\\/\\\/iqvagro.com\\\/en\\\/iqv-and-bayer-agree-on-the-transfer-of-the-plant-health-facility-that-the-german-multinational-has-in-valencia\\\/#article\",\"isPartOf\":{\"@id\":\"https:\\\/\\\/iqvagro.com\\\/en\\\/iqv-and-bayer-agree-on-the-transfer-of-the-plant-health-facility-that-the-german-multinational-has-in-valencia\\\/\"},\"author\":{\"name\":\"Yourzed\",\"@id\":\"https:\\\/\\\/iqvagro.com\\\/#\\\/schema\\\/person\\\/b6d90ec5b332bd5032b803e8d997010e\"},\"headline\":\"IQV and Bayer agree on the transfer of the plant health facility that the German multinational has in Valencia\",\"datePublished\":\"2023-07-03T12:54:46+00:00\",\"dateModified\":\"2023-07-04T10:52:43+00:00\",\"mainEntityOfPage\":{\"@id\":\"https:\\\/\\\/iqvagro.com\\\/en\\\/iqv-and-bayer-agree-on-the-transfer-of-the-plant-health-facility-that-the-german-multinational-has-in-valencia\\\/\"},\"wordCount\":752,\"publisher\":{\"@id\":\"https:\\\/\\\/iqvagro.com\\\/#organization\"},\"image\":{\"@id\":\"https:\\\/\\\/iqvagro.com\\\/en\\\/iqv-and-bayer-agree-on-the-transfer-of-the-plant-health-facility-that-the-german-multinational-has-in-valencia\\\/#primaryimage\"},\"thumbnailUrl\":\"https:\\\/\\\/iqvagro.com\\\/wp-content\\\/uploads\\\/2023\\\/07\\\/IQV-Y-BAYER-EN-min.jpg\",\"articleSection\":[\"News\"],\"inLanguage\":\"en-US\"},{\"@type\":\"WebPage\",\"@id\":\"https:\\\/\\\/iqvagro.com\\\/en\\\/iqv-and-bayer-agree-on-the-transfer-of-the-plant-health-facility-that-the-german-multinational-has-in-valencia\\\/\",\"url\":\"https:\\\/\\\/iqvagro.com\\\/en\\\/iqv-and-bayer-agree-on-the-transfer-of-the-plant-health-facility-that-the-german-multinational-has-in-valencia\\\/\",\"name\":\"IQV and Bayer agree on the transfer of the plant health facility that the German multinational has in Valencia - IQV Matholding Group\",\"isPartOf\":{\"@id\":\"https:\\\/\\\/iqvagro.com\\\/#website\"},\"primaryImageOfPage\":{\"@id\":\"https:\\\/\\\/iqvagro.com\\\/en\\\/iqv-and-bayer-agree-on-the-transfer-of-the-plant-health-facility-that-the-german-multinational-has-in-valencia\\\/#primaryimage\"},\"image\":{\"@id\":\"https:\\\/\\\/iqvagro.com\\\/en\\\/iqv-and-bayer-agree-on-the-transfer-of-the-plant-health-facility-that-the-german-multinational-has-in-valencia\\\/#primaryimage\"},\"thumbnailUrl\":\"https:\\\/\\\/iqvagro.com\\\/wp-content\\\/uploads\\\/2023\\\/07\\\/IQV-Y-BAYER-EN-min.jpg\",\"datePublished\":\"2023-07-03T12:54:46+00:00\",\"dateModified\":\"2023-07-04T10:52:43+00:00\",\"breadcrumb\":{\"@id\":\"https:\\\/\\\/iqvagro.com\\\/en\\\/iqv-and-bayer-agree-on-the-transfer-of-the-plant-health-facility-that-the-german-multinational-has-in-valencia\\\/#breadcrumb\"},\"inLanguage\":\"en-US\",\"potentialAction\":[{\"@type\":\"ReadAction\",\"target\":[\"https:\\\/\\\/iqvagro.com\\\/en\\\/iqv-and-bayer-agree-on-the-transfer-of-the-plant-health-facility-that-the-german-multinational-has-in-valencia\\\/\"]}]},{\"@type\":\"ImageObject\",\"inLanguage\":\"en-US\",\"@id\":\"https:\\\/\\\/iqvagro.com\\\/en\\\/iqv-and-bayer-agree-on-the-transfer-of-the-plant-health-facility-that-the-german-multinational-has-in-valencia\\\/#primaryimage\",\"url\":\"https:\\\/\\\/iqvagro.com\\\/wp-content\\\/uploads\\\/2023\\\/07\\\/IQV-Y-BAYER-EN-min.jpg\",\"contentUrl\":\"https:\\\/\\\/iqvagro.com\\\/wp-content\\\/uploads\\\/2023\\\/07\\\/IQV-Y-BAYER-EN-min.jpg\",\"width\":1920,\"height\":1003},{\"@type\":\"BreadcrumbList\",\"@id\":\"https:\\\/\\\/iqvagro.com\\\/en\\\/iqv-and-bayer-agree-on-the-transfer-of-the-plant-health-facility-that-the-german-multinational-has-in-valencia\\\/#breadcrumb\",\"itemListElement\":[{\"@type\":\"ListItem\",\"position\":1,\"name\":\"Portada\",\"item\":\"https:\\\/\\\/iqvagro.com\\\/en\\\/\"},{\"@type\":\"ListItem\",\"position\":2,\"name\":\"IQV and Bayer agree on the transfer of the plant health facility that the German multinational has in Valencia\"}]},{\"@type\":\"WebSite\",\"@id\":\"https:\\\/\\\/iqvagro.com\\\/#website\",\"url\":\"https:\\\/\\\/iqvagro.com\\\/\",\"name\":\"IQV Matholding Group\",\"description\":\"Taking Care of Crops\",\"publisher\":{\"@id\":\"https:\\\/\\\/iqvagro.com\\\/#organization\"},\"potentialAction\":[{\"@type\":\"SearchAction\",\"target\":{\"@type\":\"EntryPoint\",\"urlTemplate\":\"https:\\\/\\\/iqvagro.com\\\/?s={search_term_string}\"},\"query-input\":{\"@type\":\"PropertyValueSpecification\",\"valueRequired\":true,\"valueName\":\"search_term_string\"}}],\"inLanguage\":\"en-US\"},{\"@type\":\"Organization\",\"@id\":\"https:\\\/\\\/iqvagro.com\\\/#organization\",\"name\":\"IQV Matholding Group\",\"url\":\"https:\\\/\\\/iqvagro.com\\\/\",\"logo\":{\"@type\":\"ImageObject\",\"inLanguage\":\"en-US\",\"@id\":\"https:\\\/\\\/iqvagro.com\\\/#\\\/schema\\\/logo\\\/image\\\/\",\"url\":\"https:\\\/\\\/iqvagro.com\\\/wp-content\\\/uploads\\\/2025\\\/05\\\/logo_IQV_new_2025.svg\",\"contentUrl\":\"https:\\\/\\\/iqvagro.com\\\/wp-content\\\/uploads\\\/2025\\\/05\\\/logo_IQV_new_2025.svg\",\"caption\":\"IQV Matholding Group\"},\"image\":{\"@id\":\"https:\\\/\\\/iqvagro.com\\\/#\\\/schema\\\/logo\\\/image\\\/\"},\"sameAs\":[\"https:\\\/\\\/www.facebook.com\\\/iqv.cropscience\",\"https:\\\/\\\/www.instagram.com\\\/iqv.cropscience\\\/\"]},{\"@type\":\"Person\",\"@id\":\"https:\\\/\\\/iqvagro.com\\\/#\\\/schema\\\/person\\\/b6d90ec5b332bd5032b803e8d997010e\",\"name\":\"Yourzed\",\"url\":\"https:\\\/\\\/iqvagro.com\\\/en\\\/author\\\/yourzed\\\/\"}]}<\/script>\n<!-- \/ Yoast SEO plugin. -->","yoast_head_json":{"title":"IQV and Bayer agree on the transfer of the plant health facility that the German multinational has in Valencia - IQV Matholding Group","robots":{"index":"index","follow":"follow","max-snippet":"max-snippet:-1","max-image-preview":"max-image-preview:large","max-video-preview":"max-video-preview:-1"},"canonical":"https:\/\/iqvagro.com\/en\/iqv-and-bayer-agree-on-the-transfer-of-the-plant-health-facility-that-the-german-multinational-has-in-valencia\/","og_locale":"en_US","og_type":"article","og_title":"IQV and Bayer agree on the transfer of the plant health facility that the German multinational has in Valencia - IQV Matholding Group","og_description":"The operation responds to the strategic commitment of the Spanish multinational MAT Holding, led by Pau Relat, to diversify its portfolio of biorational phytosanitary products. The agreement includes operational continuity of the factory with guaranteed employment for a year and a half from the date of the transfer, which will be completed on June 1, [&hellip;]","og_url":"https:\/\/iqvagro.com\/en\/iqv-and-bayer-agree-on-the-transfer-of-the-plant-health-facility-that-the-german-multinational-has-in-valencia\/","og_site_name":"IQV Matholding Group","article_publisher":"https:\/\/www.facebook.com\/iqv.cropscience","article_published_time":"2023-07-03T12:54:46+00:00","article_modified_time":"2023-07-04T10:52:43+00:00","og_image":[{"width":1920,"height":1003,"url":"https:\/\/iqvagro.com\/wp-content\/uploads\/2023\/07\/IQV-Y-BAYER-EN-min.jpg","type":"image\/jpeg"}],"author":"Yourzed","twitter_card":"summary_large_image","twitter_misc":{"Written by":"Yourzed","Est. reading time":"4 minutes"},"schema":{"@context":"https:\/\/schema.org","@graph":[{"@type":"Article","@id":"https:\/\/iqvagro.com\/en\/iqv-and-bayer-agree-on-the-transfer-of-the-plant-health-facility-that-the-german-multinational-has-in-valencia\/#article","isPartOf":{"@id":"https:\/\/iqvagro.com\/en\/iqv-and-bayer-agree-on-the-transfer-of-the-plant-health-facility-that-the-german-multinational-has-in-valencia\/"},"author":{"name":"Yourzed","@id":"https:\/\/iqvagro.com\/#\/schema\/person\/b6d90ec5b332bd5032b803e8d997010e"},"headline":"IQV and Bayer agree on the transfer of the plant health facility that the German multinational has in Valencia","datePublished":"2023-07-03T12:54:46+00:00","dateModified":"2023-07-04T10:52:43+00:00","mainEntityOfPage":{"@id":"https:\/\/iqvagro.com\/en\/iqv-and-bayer-agree-on-the-transfer-of-the-plant-health-facility-that-the-german-multinational-has-in-valencia\/"},"wordCount":752,"publisher":{"@id":"https:\/\/iqvagro.com\/#organization"},"image":{"@id":"https:\/\/iqvagro.com\/en\/iqv-and-bayer-agree-on-the-transfer-of-the-plant-health-facility-that-the-german-multinational-has-in-valencia\/#primaryimage"},"thumbnailUrl":"https:\/\/iqvagro.com\/wp-content\/uploads\/2023\/07\/IQV-Y-BAYER-EN-min.jpg","articleSection":["News"],"inLanguage":"en-US"},{"@type":"WebPage","@id":"https:\/\/iqvagro.com\/en\/iqv-and-bayer-agree-on-the-transfer-of-the-plant-health-facility-that-the-german-multinational-has-in-valencia\/","url":"https:\/\/iqvagro.com\/en\/iqv-and-bayer-agree-on-the-transfer-of-the-plant-health-facility-that-the-german-multinational-has-in-valencia\/","name":"IQV and Bayer agree on the transfer of the plant health facility that the German multinational has in Valencia - IQV Matholding Group","isPartOf":{"@id":"https:\/\/iqvagro.com\/#website"},"primaryImageOfPage":{"@id":"https:\/\/iqvagro.com\/en\/iqv-and-bayer-agree-on-the-transfer-of-the-plant-health-facility-that-the-german-multinational-has-in-valencia\/#primaryimage"},"image":{"@id":"https:\/\/iqvagro.com\/en\/iqv-and-bayer-agree-on-the-transfer-of-the-plant-health-facility-that-the-german-multinational-has-in-valencia\/#primaryimage"},"thumbnailUrl":"https:\/\/iqvagro.com\/wp-content\/uploads\/2023\/07\/IQV-Y-BAYER-EN-min.jpg","datePublished":"2023-07-03T12:54:46+00:00","dateModified":"2023-07-04T10:52:43+00:00","breadcrumb":{"@id":"https:\/\/iqvagro.com\/en\/iqv-and-bayer-agree-on-the-transfer-of-the-plant-health-facility-that-the-german-multinational-has-in-valencia\/#breadcrumb"},"inLanguage":"en-US","potentialAction":[{"@type":"ReadAction","target":["https:\/\/iqvagro.com\/en\/iqv-and-bayer-agree-on-the-transfer-of-the-plant-health-facility-that-the-german-multinational-has-in-valencia\/"]}]},{"@type":"ImageObject","inLanguage":"en-US","@id":"https:\/\/iqvagro.com\/en\/iqv-and-bayer-agree-on-the-transfer-of-the-plant-health-facility-that-the-german-multinational-has-in-valencia\/#primaryimage","url":"https:\/\/iqvagro.com\/wp-content\/uploads\/2023\/07\/IQV-Y-BAYER-EN-min.jpg","contentUrl":"https:\/\/iqvagro.com\/wp-content\/uploads\/2023\/07\/IQV-Y-BAYER-EN-min.jpg","width":1920,"height":1003},{"@type":"BreadcrumbList","@id":"https:\/\/iqvagro.com\/en\/iqv-and-bayer-agree-on-the-transfer-of-the-plant-health-facility-that-the-german-multinational-has-in-valencia\/#breadcrumb","itemListElement":[{"@type":"ListItem","position":1,"name":"Portada","item":"https:\/\/iqvagro.com\/en\/"},{"@type":"ListItem","position":2,"name":"IQV and Bayer agree on the transfer of the plant health facility that the German multinational has in Valencia"}]},{"@type":"WebSite","@id":"https:\/\/iqvagro.com\/#website","url":"https:\/\/iqvagro.com\/","name":"IQV Matholding Group","description":"Taking Care of Crops","publisher":{"@id":"https:\/\/iqvagro.com\/#organization"},"potentialAction":[{"@type":"SearchAction","target":{"@type":"EntryPoint","urlTemplate":"https:\/\/iqvagro.com\/?s={search_term_string}"},"query-input":{"@type":"PropertyValueSpecification","valueRequired":true,"valueName":"search_term_string"}}],"inLanguage":"en-US"},{"@type":"Organization","@id":"https:\/\/iqvagro.com\/#organization","name":"IQV Matholding Group","url":"https:\/\/iqvagro.com\/","logo":{"@type":"ImageObject","inLanguage":"en-US","@id":"https:\/\/iqvagro.com\/#\/schema\/logo\/image\/","url":"https:\/\/iqvagro.com\/wp-content\/uploads\/2025\/05\/logo_IQV_new_2025.svg","contentUrl":"https:\/\/iqvagro.com\/wp-content\/uploads\/2025\/05\/logo_IQV_new_2025.svg","caption":"IQV Matholding Group"},"image":{"@id":"https:\/\/iqvagro.com\/#\/schema\/logo\/image\/"},"sameAs":["https:\/\/www.facebook.com\/iqv.cropscience","https:\/\/www.instagram.com\/iqv.cropscience\/"]},{"@type":"Person","@id":"https:\/\/iqvagro.com\/#\/schema\/person\/b6d90ec5b332bd5032b803e8d997010e","name":"Yourzed","url":"https:\/\/iqvagro.com\/en\/author\/yourzed\/"}]}},"_links":{"self":[{"href":"https:\/\/iqvagro.com\/en\/wp-json\/wp\/v2\/posts\/16911","targetHints":{"allow":["GET"]}}],"collection":[{"href":"https:\/\/iqvagro.com\/en\/wp-json\/wp\/v2\/posts"}],"about":[{"href":"https:\/\/iqvagro.com\/en\/wp-json\/wp\/v2\/types\/post"}],"author":[{"embeddable":true,"href":"https:\/\/iqvagro.com\/en\/wp-json\/wp\/v2\/users\/4"}],"replies":[{"embeddable":true,"href":"https:\/\/iqvagro.com\/en\/wp-json\/wp\/v2\/comments?post=16911"}],"version-history":[{"count":0,"href":"https:\/\/iqvagro.com\/en\/wp-json\/wp\/v2\/posts\/16911\/revisions"}],"wp:featuredmedia":[{"embeddable":true,"href":"https:\/\/iqvagro.com\/en\/wp-json\/wp\/v2\/media\/16919"}],"wp:attachment":[{"href":"https:\/\/iqvagro.com\/en\/wp-json\/wp\/v2\/media?parent=16911"}],"wp:term":[{"taxonomy":"category","embeddable":true,"href":"https:\/\/iqvagro.com\/en\/wp-json\/wp\/v2\/categories?post=16911"},{"taxonomy":"post_tag","embeddable":true,"href":"https:\/\/iqvagro.com\/en\/wp-json\/wp\/v2\/tags?post=16911"}],"curies":[{"name":"wp","href":"https:\/\/api.w.org\/{rel}","templated":true}]}}